{"id":134,"date":"2022-06-25T17:33:00","date_gmt":"2022-06-25T17:33:00","guid":{"rendered":"https:\/\/www.mgv-oberperfuss.at\/mgv\/?p=134"},"modified":"2023-11-15T09:48:51","modified_gmt":"2023-11-15T09:48:51","slug":"beitrag-3","status":"publish","type":"post","link":"https:\/\/www.mgv-oberperfuss.at\/mgv2\/2022\/06\/25\/beitrag-3\/","title":{"rendered":"Wallfahrt nach Maria Waldrast am 25. Juni 2022"},"content":{"rendered":"\n<p><strong>Am Samstag dem 25. Juni fand die 10.Pilgerwanderung von Qua Vadis von Innsbruck nach Maria Waldrast statt.<\/strong><\/p>\n\n\n\n<p>Um 4:00 fr\u00fch starteten die ca. 200 Pilger von der Jesuitenkirche aus in Richtung Maria Waldrast, wo sie dann gegen 11:00 eingetroffen sind.<\/p>\n\n\n\n<p>Dieser einfache und ehrlichen Grundgedanken dieser Pilgerwanderung Quo Vadis, wurde vom verstorbenen Bischof Reinhold Stecher ins Leben gerufen, und in seinem Sinne, auch Gutes f\u00fcr unsere Mitmenschen zu tun weitergef\u00fchrt.<\/p>\n\n\n\n<p>Unserem S\u00e4ngerkollegen Helli Lorenz, der auch wieder selbst an der Wanderung teilgenommen hatte, haben wir es zu verdanken, dass wir um 11:30 die Pilgermesse gesanglich gestalten durften.<\/p>\n\n\n\n<p>Punktlich begann die von Univ.Prof.Josef Niewiadomski eindrucksvoll zelebrierte Messe, die wir mit unseren 12 Liedern musikalisch gestalten durften.<\/p>\n\n\n\n<p>Leider konnten bei dieser Veranstaltung krankheits -und urlaubsbedingt fast die H\u00e4lfte der S\u00e4nger unseres Chores nicht daran teilnehmen, und so mussten wir 14 S\u00e4nger&nbsp;zusammen mit unserem Chorleiter Emanuel unseren Verein vertreten.<\/p>\n\n\n\n<p>Es ist uns trotz unserer vielen Ausf\u00e4lle gelungen, dass wir sehr gut gesungen haben, und wir haben daf\u00fcr von den Veranstaltern und den vielen Pilgern sehr viel Lob bekommen.<\/p>\n\n\n\n<p>Wir m\u00f6chten uns hiermit beim Veranstalter der Pilgerwanderung Quo Vadis 2022 Tony Obergantschnig f\u00fcr seine Einladung herzlich bedanken.<\/p>\n\n\n\nngg_shortcode_0_placeholder\n","protected":false},"excerpt":{"rendered":"<p>Am Samstag dem 25. Juni fand die 10.Pilgerwanderung von Qua Vadis von Innsbruck nach Maria Waldrast statt. Um 4:00 fr\u00fch starteten die ca. 200 Pilger von der Jesuitenkirche aus in Richtung Maria Waldrast, wo sie dann gegen 11:00 eingetroffen sind. Dieser einfache und ehrlichen Grundgedanken dieser Pilgerwanderung Quo Vadis, wurde vom verstorbenen Bischof Reinhold Stecher [&hellip;]<\/p>\n","protected":false},"author":1,"featured_media":582,"comment_status":"open","ping_status":"open","sticky":false,"template":"","format":"standard","meta":{"ngg_post_thumbnail":0,"footnotes":""},"categories":[8],"tags":[],"class_list":["post-134","post","type-post","status-publish","format-standard","has-post-thumbnail","hentry","category-ausfluge"],"_links":{"self":[{"href":"https:\/\/www.mgv-oberperfuss.at\/mgv2\/wp-json\/wp\/v2\/posts\/134","targetHints":{"allow":["GET"]}}],"collection":[{"href":"https:\/\/www.mgv-oberperfuss.at\/mgv2\/wp-json\/wp\/v2\/posts"}],"about":[{"href":"https:\/\/www.mgv-oberperfuss.at\/mgv2\/wp-json\/wp\/v2\/types\/post"}],"author":[{"embeddable":true,"href":"https:\/\/www.mgv-oberperfuss.at\/mgv2\/wp-json\/wp\/v2\/users\/1"}],"replies":[{"embeddable":true,"href":"https:\/\/www.mgv-oberperfuss.at\/mgv2\/wp-json\/wp\/v2\/comments?post=134"}],"version-history":[{"count":6,"href":"https:\/\/www.mgv-oberperfuss.at\/mgv2\/wp-json\/wp\/v2\/posts\/134\/revisions"}],"predecessor-version":[{"id":581,"href":"https:\/\/www.mgv-oberperfuss.at\/mgv2\/wp-json\/wp\/v2\/posts\/134\/revisions\/581"}],"wp:featuredmedia":[{"embeddable":true,"href":"https:\/\/www.mgv-oberperfuss.at\/mgv2\/wp-json\/wp\/v2\/media\/582"}],"wp:attachment":[{"href":"https:\/\/www.mgv-oberperfuss.at\/mgv2\/wp-json\/wp\/v2\/media?parent=134"}],"wp:term":[{"taxonomy":"category","embeddable":true,"href":"https:\/\/www.mgv-oberperfuss.at\/mgv2\/wp-json\/wp\/v2\/categories?post=134"},{"taxonomy":"post_tag","embeddable":true,"href":"https:\/\/www.mgv-oberperfuss.at\/mgv2\/wp-json\/wp\/v2\/tags?post=134"}],"curies":[{"name":"wp","href":"https:\/\/api.w.org\/{rel}","templated":true}]}}