{"id":438,"date":"2023-06-03T14:42:09","date_gmt":"2023-06-03T14:42:09","guid":{"rendered":"https:\/\/www.mgv-oberperfuss.at\/mgv2\/?p=438"},"modified":"2023-11-14T16:47:06","modified_gmt":"2023-11-14T16:47:06","slug":"75-jahre-mgv-oberperfuss","status":"publish","type":"post","link":"https:\/\/www.mgv-oberperfuss.at\/mgv2\/2023\/06\/03\/75-jahre-mgv-oberperfuss\/","title":{"rendered":"75 Jahre MGV Oberperfuss"},"content":{"rendered":"\n<p>Wir hatten allen Grund zum Feiern \u2013 und standesgem\u00e4\u00df gab es dazu ein erstklassiges S\u00e4ngertreffen. Gesungen und gefestet wurde am\u00a0Samstag, dem 3. Juni\u00a0um 20 Uhr im Mehrzwecksaal Oberperfuss (Peter Anich Volksschule).<\/p>\n\n\n\n<p>Neben den Gastgebern standen die S\u00e4ngerrunde Ranggen, die &#8220;VOICES Chorgemeinschaft Oberperfuss&#8221;, der Oberperfer 4Gesang, die Blechbriada Musikanten aus Hart im Zillertal, die Stubaier Freitagsmusig mit Peter Margreiter (Moderator) sowie die MGV Schuhplattler auf der B\u00fchne.<\/p>\n\n\n\n<p>F\u00fcr beste Verpflegung wurde u.a. durch unsere PlattlerInnen erstklassig gesorgt!<\/p>\n\n\n\n<p>Ein paar Eindr\u00fccke d\u00fcrfen wir euch hier pr\u00e4sentieren&#8230;.<\/p>\n\n\n\nngg_shortcode_0_placeholder\n","protected":false},"excerpt":{"rendered":"<p>Wir hatten allen Grund zum Feiern \u2013 und standesgem\u00e4\u00df gab es dazu ein erstklassiges S\u00e4ngertreffen. Gesungen und gefestet wurde am\u00a0Samstag, dem 3. Juni\u00a0um 20 Uhr im Mehrzwecksaal Oberperfuss (Peter Anich Volksschule). Neben den Gastgebern standen die S\u00e4ngerrunde Ranggen, die &#8220;VOICES Chorgemeinschaft Oberperfuss&#8221;, der Oberperfer 4Gesang, die Blechbriada Musikanten aus Hart im Zillertal, die Stubaier Freitagsmusig [&hellip;]<\/p>\n","protected":false},"author":1,"featured_media":549,"comment_status":"open","ping_status":"open","sticky":false,"template":"","format":"standard","meta":{"ngg_post_thumbnail":63,"footnotes":""},"categories":[14],"tags":[],"class_list":["post-438","post","type-post","status-publish","format-standard","has-post-thumbnail","hentry","category-feier"],"_links":{"self":[{"href":"https:\/\/www.mgv-oberperfuss.at\/mgv2\/wp-json\/wp\/v2\/posts\/438","targetHints":{"allow":["GET"]}}],"collection":[{"href":"https:\/\/www.mgv-oberperfuss.at\/mgv2\/wp-json\/wp\/v2\/posts"}],"about":[{"href":"https:\/\/www.mgv-oberperfuss.at\/mgv2\/wp-json\/wp\/v2\/types\/post"}],"author":[{"embeddable":true,"href":"https:\/\/www.mgv-oberperfuss.at\/mgv2\/wp-json\/wp\/v2\/users\/1"}],"replies":[{"embeddable":true,"href":"https:\/\/www.mgv-oberperfuss.at\/mgv2\/wp-json\/wp\/v2\/comments?post=438"}],"version-history":[{"count":5,"href":"https:\/\/www.mgv-oberperfuss.at\/mgv2\/wp-json\/wp\/v2\/posts\/438\/revisions"}],"predecessor-version":[{"id":503,"href":"https:\/\/www.mgv-oberperfuss.at\/mgv2\/wp-json\/wp\/v2\/posts\/438\/revisions\/503"}],"wp:featuredmedia":[{"embeddable":true,"href":"https:\/\/www.mgv-oberperfuss.at\/mgv2\/wp-json\/wp\/v2\/media\/549"}],"wp:attachment":[{"href":"https:\/\/www.mgv-oberperfuss.at\/mgv2\/wp-json\/wp\/v2\/media?parent=438"}],"wp:term":[{"taxonomy":"category","embeddable":true,"href":"https:\/\/www.mgv-oberperfuss.at\/mgv2\/wp-json\/wp\/v2\/categories?post=438"},{"taxonomy":"post_tag","embeddable":true,"href":"https:\/\/www.mgv-oberperfuss.at\/mgv2\/wp-json\/wp\/v2\/tags?post=438"}],"curies":[{"name":"wp","href":"https:\/\/api.w.org\/{rel}","templated":true}]}}