{"id":505,"date":"2023-01-14T15:54:10","date_gmt":"2023-01-14T15:54:10","guid":{"rendered":"https:\/\/www.mgv-oberperfuss.at\/mgv2\/?p=505"},"modified":"2023-11-14T16:20:30","modified_gmt":"2023-11-14T16:20:30","slug":"jahreshauptversammlung-14-janner-2023","status":"publish","type":"post","link":"https:\/\/www.mgv-oberperfuss.at\/mgv2\/2023\/01\/14\/jahreshauptversammlung-14-janner-2023\/","title":{"rendered":"Jahreshauptversammlung, 14. J\u00e4nner 2023"},"content":{"rendered":"\n<p>Nachdem wir die gr\u00f6\u00dften Coronaschwierigkeiten hinter uns gebracht hatten, konnte der MGV wieder eine ordentliche Jahreshauptversammlung abhalten.<\/p>\n\n\n\n<p>Wenig Erfreuliches hatte Kassier Martin Kampenhuber zu berichten. Auch in ruhigen Jahren fallen immer wieder Ausgaben an. Coronabedingt gab es nur einige wenige Tiroler Abende, die ja die Haupteinnahmequelle des Vereines darstellen. Noch \u00e4rger hat es die Plattlergruppe erwischt, die das ganze Jahr flei\u00dfig geprobt hat und das alles f\u00fcr einige wenige Tiroler Abende. So wurde bei beiden Gruppen gespart, wo immer man konnte. So gab es seit mehreren Jahren keinen Ausflug mehr und auch heuer nur ein \u201eAusfl\u00fcgl\u201c, n\u00e4mlich zur Brauerei Starkenberg in Tarrenz, wo man wenigstens das Bier gratis verkosten durfte. Des gro\u00dfen Umfanges wegen m\u00f6chten wir unsere T\u00e4tigkeit haupts\u00e4chlich durch Bilder dokumentieren, die eindrucksvoll beweisen sollen, dass sich doch einiges getan hat. Veranstaltungen, die durchwegs von der Bev\u00f6lkerung sehr positiv aufgenommen wurden. Vor allem haben sich in diesen Krisenjahren Obmann RobertTriendl als Fels in der Brandung und unser Chorleiter Emmanuel Dallapozza mit seinem Optimismus als Motivationsk\u00fcnstler erwiesen, wenn die Begeisterung dann und wann nachgelassen hat. <\/p>\n\n\n\n<p><strong>Ehre, wem Ehre geb\u00fchrt. Zum Abschluss sollten noch jene Mitglieder aufgef\u00fchrt werden, die dem Verein seit Jahrzehnten treu gedient haben:<\/strong><\/p>\n\n\n\n<h3 class=\"wp-block-heading\">Unsere Geehrten:<\/h3>\n\n\n\n<p>Manfred Mayr (50 Jahre Mitgliedschaft), Karl Gr\u00fcnfelder (Ehrenmitglied)<br>und Walter H\u00f6rtnagl (Ehrenmitglied)<\/p>\n\n\n\n<h3 class=\"wp-block-heading\">20 Jahre Mitgliedschaft:<\/h3>\n\n\n\n<p>G\u00fcnter Gr\u00fcnfelder, Angelika Heis-Eberle, Verena Ertl und Martin Weber<\/p>\n\n\n\n<h3 class=\"wp-block-heading\">Der Blick in die Zukunft:<\/h3>\n\n\n\n<p>Am 3. Juni werden wir im Mehrzwecksaal unser 75-j\u00e4hriges Jubil\u00e4um feiern, zu welchem wir alle Oberperferinnen und Oberperfer herzlich einladen. <\/p>\n\n\n\n<p>Mit einer oder zwei Ausnahmen wird der Abend durchwegs von Oberperfer Gruppen gestaltet. Unter dem Motto: Corona hin, Corona her \u2013 es gibt uns noch und wenn wir auch in Zukunft mit tatkr\u00e4ftiger Unterst\u00fctzung anderer Oberperfer Vereine rechnen d\u00fcrfen, wie in der Vergangenheit, blicken wir voll Vertrauen einer erfolgreichen Zukunft entgegen.<\/p>\n\n\n\nngg_shortcode_0_placeholder\n","protected":false},"excerpt":{"rendered":"<p>Nachdem wir die gr\u00f6\u00dften Coronaschwierigkeiten hinter uns gebracht hatten, konnte der MGV wieder eine ordentliche Jahreshauptversammlung abhalten. Wenig Erfreuliches hatte Kassier Martin Kampenhuber zu berichten. Auch in ruhigen Jahren fallen immer wieder Ausgaben an. Coronabedingt gab es nur einige wenige Tiroler Abende, die ja die Haupteinnahmequelle des Vereines darstellen. Noch \u00e4rger hat es die Plattlergruppe [&hellip;]<\/p>\n","protected":false},"author":1,"featured_media":532,"comment_status":"open","ping_status":"open","sticky":false,"template":"","format":"standard","meta":{"ngg_post_thumbnail":67,"footnotes":""},"categories":[13],"tags":[],"class_list":["post-505","post","type-post","status-publish","format-standard","has-post-thumbnail","hentry","category-jhv"],"_links":{"self":[{"href":"https:\/\/www.mgv-oberperfuss.at\/mgv2\/wp-json\/wp\/v2\/posts\/505","targetHints":{"allow":["GET"]}}],"collection":[{"href":"https:\/\/www.mgv-oberperfuss.at\/mgv2\/wp-json\/wp\/v2\/posts"}],"about":[{"href":"https:\/\/www.mgv-oberperfuss.at\/mgv2\/wp-json\/wp\/v2\/types\/post"}],"author":[{"embeddable":true,"href":"https:\/\/www.mgv-oberperfuss.at\/mgv2\/wp-json\/wp\/v2\/users\/1"}],"replies":[{"embeddable":true,"href":"https:\/\/www.mgv-oberperfuss.at\/mgv2\/wp-json\/wp\/v2\/comments?post=505"}],"version-history":[{"count":5,"href":"https:\/\/www.mgv-oberperfuss.at\/mgv2\/wp-json\/wp\/v2\/posts\/505\/revisions"}],"predecessor-version":[{"id":531,"href":"https:\/\/www.mgv-oberperfuss.at\/mgv2\/wp-json\/wp\/v2\/posts\/505\/revisions\/531"}],"wp:featuredmedia":[{"embeddable":true,"href":"https:\/\/www.mgv-oberperfuss.at\/mgv2\/wp-json\/wp\/v2\/media\/532"}],"wp:attachment":[{"href":"https:\/\/www.mgv-oberperfuss.at\/mgv2\/wp-json\/wp\/v2\/media?parent=505"}],"wp:term":[{"taxonomy":"category","embeddable":true,"href":"https:\/\/www.mgv-oberperfuss.at\/mgv2\/wp-json\/wp\/v2\/categories?post=505"},{"taxonomy":"post_tag","embeddable":true,"href":"https:\/\/www.mgv-oberperfuss.at\/mgv2\/wp-json\/wp\/v2\/tags?post=505"}],"curies":[{"name":"wp","href":"https:\/\/api.w.org\/{rel}","templated":true}]}}