{"id":533,"date":"2022-12-14T16:28:25","date_gmt":"2022-12-14T16:28:25","guid":{"rendered":"https:\/\/www.mgv-oberperfuss.at\/mgv2\/?p=533"},"modified":"2023-11-14T16:40:36","modified_gmt":"2023-11-14T16:40:36","slug":"anklopfeln-bei-den-kapellen-2022","status":"publish","type":"post","link":"https:\/\/www.mgv-oberperfuss.at\/mgv2\/2022\/12\/14\/anklopfeln-bei-den-kapellen-2022\/","title":{"rendered":"Ankl\u00f6pfeln bei den Kapellen 2022"},"content":{"rendered":"\n<p>Neu organisiert musste das Kl\u00f6pflsingen werden. Zwei Jahre wurde wegen der verbundenen Ansteckungsgefahr auf die traditionellen Hausbesuche verzichtet. Der Kl\u00f6pflerobmann Johann Kirchmair hatte bereits mehr als 10 Jahre als<br>S\u00e4ngerobmann hinter sich und wusste sich auch in dieser Situation zu helfen.\u201c Eine stimmungsvolle S\u00e4ngermesse in der St. Josefs-Kirche in Oberperfuss-Berg er\u00f6ffnete den Reigen verschiedener Veranstaltungen, die von den Kl\u00f6pflsingern und dem 4 Gesang unter der Leitung von Hubert Gritsch und den PAMO-Weisenbl\u00e4sern vor mehreren Kapellen durchgef\u00fchrt wurden. Diese besinnlichen Stunden fanden gro\u00dfen Anklang und an dieser Stelle sei den jeweiligen Gastgebern, den Kapellengemeinschaften\u201c ein gro\u00dfes Dankesch\u00f6n ausgesprochen. Das Kl\u00f6pflsingen hat auch einen sozialen Hintergrund. In allen H\u00e4usern, die die S\u00e4nger fr\u00fcher besucht haben, wurden nicht nur die Herzen, sondern auch die Brieftaschen ge\u00f6ffnet. So hat sich in den all den Jahren eine namhafte Summe ergeben, die ausschlie\u00dflich in Not geratenen Oberperfer Familien zugutegekommen ist. Ausnahmen sind der Sozialsprengel an der Melach in Kematen und das Pflegeheim in Unterperfuss, wo man sich im Laufe der Jahre mit Spenden um viele OberperferInnen, die der Hilfe bedurften, gek\u00fcmmert hat.<\/p>\n\n\n\n<div class=\"wp-block-columns is-layout-flex wp-container-core-columns-is-layout-28f84493 wp-block-columns-is-layout-flex\">\n<div class=\"wp-block-column is-layout-flow wp-block-column-is-layout-flow\">\nngg_shortcode_0_placeholder\n<\/div>\n\n\n\n<div class=\"wp-block-column is-layout-flow wp-block-column-is-layout-flow\">\n<figure class=\"wp-block-video\"><video height=\"404\" style=\"aspect-ratio: 720 \/ 404;\" width=\"720\" controls src=\"https:\/\/www.mgv-oberperfuss.at\/mgv2\/wp-content\/uploads\/2023\/11\/ankloepfeln.mp4\"><\/video><\/figure>\n<\/div>\n<\/div>\n","protected":false},"excerpt":{"rendered":"<p>Neu organisiert musste das Kl\u00f6pflsingen werden. Zwei Jahre wurde wegen der verbundenen Ansteckungsgefahr auf die traditionellen Hausbesuche verzichtet. Der Kl\u00f6pflerobmann Johann Kirchmair hatte bereits mehr als 10 Jahre alsS\u00e4ngerobmann hinter sich und wusste sich auch in dieser Situation zu helfen.\u201c Eine stimmungsvolle S\u00e4ngermesse in der St. Josefs-Kirche in Oberperfuss-Berg er\u00f6ffnete den Reigen verschiedener Veranstaltungen, die [&hellip;]<\/p>\n","protected":false},"author":1,"featured_media":544,"comment_status":"open","ping_status":"open","sticky":false,"template":"","format":"standard","meta":{"ngg_post_thumbnail":0,"footnotes":""},"categories":[10],"tags":[],"class_list":["post-533","post","type-post","status-publish","format-standard","has-post-thumbnail","hentry","category-anklopfeln"],"_links":{"self":[{"href":"https:\/\/www.mgv-oberperfuss.at\/mgv2\/wp-json\/wp\/v2\/posts\/533","targetHints":{"allow":["GET"]}}],"collection":[{"href":"https:\/\/www.mgv-oberperfuss.at\/mgv2\/wp-json\/wp\/v2\/posts"}],"about":[{"href":"https:\/\/www.mgv-oberperfuss.at\/mgv2\/wp-json\/wp\/v2\/types\/post"}],"author":[{"embeddable":true,"href":"https:\/\/www.mgv-oberperfuss.at\/mgv2\/wp-json\/wp\/v2\/users\/1"}],"replies":[{"embeddable":true,"href":"https:\/\/www.mgv-oberperfuss.at\/mgv2\/wp-json\/wp\/v2\/comments?post=533"}],"version-history":[{"count":4,"href":"https:\/\/www.mgv-oberperfuss.at\/mgv2\/wp-json\/wp\/v2\/posts\/533\/revisions"}],"predecessor-version":[{"id":548,"href":"https:\/\/www.mgv-oberperfuss.at\/mgv2\/wp-json\/wp\/v2\/posts\/533\/revisions\/548"}],"wp:featuredmedia":[{"embeddable":true,"href":"https:\/\/www.mgv-oberperfuss.at\/mgv2\/wp-json\/wp\/v2\/media\/544"}],"wp:attachment":[{"href":"https:\/\/www.mgv-oberperfuss.at\/mgv2\/wp-json\/wp\/v2\/media?parent=533"}],"wp:term":[{"taxonomy":"category","embeddable":true,"href":"https:\/\/www.mgv-oberperfuss.at\/mgv2\/wp-json\/wp\/v2\/categories?post=533"},{"taxonomy":"post_tag","embeddable":true,"href":"https:\/\/www.mgv-oberperfuss.at\/mgv2\/wp-json\/wp\/v2\/tags?post=533"}],"curies":[{"name":"wp","href":"https:\/\/api.w.org\/{rel}","templated":true}]}}