{"id":584,"date":"2022-06-29T10:02:00","date_gmt":"2022-06-29T10:02:00","guid":{"rendered":"https:\/\/www.mgv-oberperfuss.at\/mgv2\/?p=584"},"modified":"2023-11-15T10:06:02","modified_gmt":"2023-11-15T10:06:02","slug":"tiroler-abend-am-29-juni-2022","status":"publish","type":"post","link":"https:\/\/www.mgv-oberperfuss.at\/mgv2\/2022\/06\/29\/tiroler-abend-am-29-juni-2022\/","title":{"rendered":"Tiroler Abend am 29. Juni 2022"},"content":{"rendered":"\n<p><strong>Am Mittwoch den 29. Juni 2022 fand unser 2. Tiroler Abend statt&#8230;<\/strong><\/p>\n\n\n\n<p>bereits zu Beginn konnten wir einem Geburtstagskind von den Franz\u00f6sischen G\u00e4sten ein St\u00e4ndchen &#8220;Sie lebe hoch&#8230;.&#8221;singen.<\/p>\n\n\n\n<p>Besonders erfreut waren wir, dass bei uns S\u00e4ngern bereits wieder einige gesund, und aus dem Urlaub zur\u00fcck waren, und wir wieder eine &#8220;starke&#8221; Truppe waren.<\/p>\n\n\n\n<p>Beim heutigen Tiroler Abend konnten wir wieder sehr viele &#8220;Einheimische&#8221; Besucher begr\u00fc\u00dfen, was uns immer sehr freut und zusammen mit der Franz\u00f6sischen&nbsp;G\u00e4stegruppe war auch im Publikum eine gute Stimmung zu sp\u00fcren..<\/p>\n\n\n\n<p>Diese Stimmung wirkte sich auch auf alle Akteure aus, und so wurde sehr gut geplattelt, musiziert und gesungen, und es war ein sehr gelungener toller Tiroler Abend.<\/p>\n\n\n\n<p>Wir freuen uns schon alle sehr auf den n\u00e4chsten Tiroler Abend am 27.Juli !!!<\/p>\n\n\n\nngg_shortcode_0_placeholder\n","protected":false},"excerpt":{"rendered":"<p>Am Mittwoch den 29. Juni 2022 fand unser 2. Tiroler Abend statt&#8230; bereits zu Beginn konnten wir einem Geburtstagskind von den Franz\u00f6sischen G\u00e4sten ein St\u00e4ndchen &#8220;Sie lebe hoch&#8230;.&#8221;singen. Besonders erfreut waren wir, dass bei uns S\u00e4ngern bereits wieder einige gesund, und aus dem Urlaub zur\u00fcck waren, und wir wieder eine &#8220;starke&#8221; Truppe waren. Beim heutigen [&hellip;]<\/p>\n","protected":false},"author":1,"featured_media":583,"comment_status":"open","ping_status":"open","sticky":false,"template":"","format":"standard","meta":{"ngg_post_thumbnail":0,"footnotes":""},"categories":[9],"tags":[],"class_list":["post-584","post","type-post","status-publish","format-standard","has-post-thumbnail","hentry","category-tiroler-abende"],"_links":{"self":[{"href":"https:\/\/www.mgv-oberperfuss.at\/mgv2\/wp-json\/wp\/v2\/posts\/584","targetHints":{"allow":["GET"]}}],"collection":[{"href":"https:\/\/www.mgv-oberperfuss.at\/mgv2\/wp-json\/wp\/v2\/posts"}],"about":[{"href":"https:\/\/www.mgv-oberperfuss.at\/mgv2\/wp-json\/wp\/v2\/types\/post"}],"author":[{"embeddable":true,"href":"https:\/\/www.mgv-oberperfuss.at\/mgv2\/wp-json\/wp\/v2\/users\/1"}],"replies":[{"embeddable":true,"href":"https:\/\/www.mgv-oberperfuss.at\/mgv2\/wp-json\/wp\/v2\/comments?post=584"}],"version-history":[{"count":1,"href":"https:\/\/www.mgv-oberperfuss.at\/mgv2\/wp-json\/wp\/v2\/posts\/584\/revisions"}],"predecessor-version":[{"id":591,"href":"https:\/\/www.mgv-oberperfuss.at\/mgv2\/wp-json\/wp\/v2\/posts\/584\/revisions\/591"}],"wp:featuredmedia":[{"embeddable":true,"href":"https:\/\/www.mgv-oberperfuss.at\/mgv2\/wp-json\/wp\/v2\/media\/583"}],"wp:attachment":[{"href":"https:\/\/www.mgv-oberperfuss.at\/mgv2\/wp-json\/wp\/v2\/media?parent=584"}],"wp:term":[{"taxonomy":"category","embeddable":true,"href":"https:\/\/www.mgv-oberperfuss.at\/mgv2\/wp-json\/wp\/v2\/categories?post=584"},{"taxonomy":"post_tag","embeddable":true,"href":"https:\/\/www.mgv-oberperfuss.at\/mgv2\/wp-json\/wp\/v2\/tags?post=584"}],"curies":[{"name":"wp","href":"https:\/\/api.w.org\/{rel}","templated":true}]}}