{"id":627,"date":"2023-11-25T08:16:38","date_gmt":"2023-11-25T08:16:38","guid":{"rendered":"https:\/\/www.mgv-oberperfuss.at\/mgv2\/?p=627"},"modified":"2023-11-25T21:21:13","modified_gmt":"2023-11-25T21:21:13","slug":"peter-anich-feier-am-25-november-2023","status":"publish","type":"post","link":"https:\/\/www.mgv-oberperfuss.at\/mgv2\/2023\/11\/25\/peter-anich-feier-am-25-november-2023\/","title":{"rendered":"Peter Anich Feier am 25. November 2023"},"content":{"rendered":"\n<div class=\"wp-block-columns is-layout-flex wp-container-core-columns-is-layout-28f84493 wp-block-columns-is-layout-flex\">\n<div class=\"wp-block-column is-layout-flow wp-block-column-is-layout-flow\">\n<p>Am 24. November (Generalprobe) und am 25. November 2023 durften wir wieder einmal gemeinsam mit der Peter Anich Musikkapelle ein Kirchenkonzert gestalten. Unsere B\u00fcrgermeisterin Johanna unterst\u00fctzte uns dabei mit besinnlichen Texten. Beim anschlie\u00dfenden Gl\u00fchweinumtrunk bekamen wir eigentlich nur positive Retourmeldungen. Herausragend musizierten und sangen die Solisten der Musikkapelle und des MGV (Johann und Robi).<\/p>\n\n\n\nngg_shortcode_0_placeholder\n\n\n\n<p>Folgendes Programm konnten wir darbieten.<\/p>\n\n\n\n<div data-wp-interactive=\"core\/file\" class=\"wp-block-file\"><object data-wp-bind--hidden=\"!state.hasPdfPreview\" hidden class=\"wp-block-file__embed\" data=\"https:\/\/www.mgv-oberperfuss.at\/mgv2\/wp-content\/uploads\/2023\/11\/Programm-Kirchenkonzert.pdf\" type=\"application\/pdf\" style=\"width:100%;height:600px\" aria-label=\"Embed of Programm-Kirchenkonzert.\"><\/object><a id=\"wp-block-file--media-4291b60c-c502-44c7-9d91-b56eefaae7ac\" href=\"https:\/\/www.mgv-oberperfuss.at\/mgv2\/wp-content\/uploads\/2023\/11\/Programm-Kirchenkonzert.pdf\">Programm-Kirchenkonzert<\/a><a href=\"https:\/\/www.mgv-oberperfuss.at\/mgv2\/wp-content\/uploads\/2023\/11\/Programm-Kirchenkonzert.pdf\" class=\"wp-block-file__button wp-element-button\" download aria-describedby=\"wp-block-file--media-4291b60c-c502-44c7-9d91-b56eefaae7ac\">Download<\/a><\/div>\n<\/div>\n<\/div>\n","protected":false},"excerpt":{"rendered":"<p>Am 24. November (Generalprobe) und am 25. November 2023 durften wir wieder einmal gemeinsam mit der Peter Anich Musikkapelle ein Kirchenkonzert gestalten. Unsere B\u00fcrgermeisterin Johanna unterst\u00fctzte uns dabei mit besinnlichen Texten. Beim anschlie\u00dfenden Gl\u00fchweinumtrunk bekamen wir eigentlich nur positive Retourmeldungen. Herausragend musizierten und sangen die Solisten der Musikkapelle und des MGV (Johann und Robi). Folgendes [&hellip;]<\/p>\n","protected":false},"author":1,"featured_media":646,"comment_status":"closed","ping_status":"open","sticky":false,"template":"","format":"standard","meta":{"ngg_post_thumbnail":0,"footnotes":""},"categories":[14],"tags":[],"class_list":["post-627","post","type-post","status-publish","format-standard","has-post-thumbnail","hentry","category-feier"],"_links":{"self":[{"href":"https:\/\/www.mgv-oberperfuss.at\/mgv2\/wp-json\/wp\/v2\/posts\/627","targetHints":{"allow":["GET"]}}],"collection":[{"href":"https:\/\/www.mgv-oberperfuss.at\/mgv2\/wp-json\/wp\/v2\/posts"}],"about":[{"href":"https:\/\/www.mgv-oberperfuss.at\/mgv2\/wp-json\/wp\/v2\/types\/post"}],"author":[{"embeddable":true,"href":"https:\/\/www.mgv-oberperfuss.at\/mgv2\/wp-json\/wp\/v2\/users\/1"}],"replies":[{"embeddable":true,"href":"https:\/\/www.mgv-oberperfuss.at\/mgv2\/wp-json\/wp\/v2\/comments?post=627"}],"version-history":[{"count":4,"href":"https:\/\/www.mgv-oberperfuss.at\/mgv2\/wp-json\/wp\/v2\/posts\/627\/revisions"}],"predecessor-version":[{"id":645,"href":"https:\/\/www.mgv-oberperfuss.at\/mgv2\/wp-json\/wp\/v2\/posts\/627\/revisions\/645"}],"wp:featuredmedia":[{"embeddable":true,"href":"https:\/\/www.mgv-oberperfuss.at\/mgv2\/wp-json\/wp\/v2\/media\/646"}],"wp:attachment":[{"href":"https:\/\/www.mgv-oberperfuss.at\/mgv2\/wp-json\/wp\/v2\/media?parent=627"}],"wp:term":[{"taxonomy":"category","embeddable":true,"href":"https:\/\/www.mgv-oberperfuss.at\/mgv2\/wp-json\/wp\/v2\/categories?post=627"},{"taxonomy":"post_tag","embeddable":true,"href":"https:\/\/www.mgv-oberperfuss.at\/mgv2\/wp-json\/wp\/v2\/tags?post=627"}],"curies":[{"name":"wp","href":"https:\/\/api.w.org\/{rel}","templated":true}]}}